{"id":2551,"date":"2024-10-24T14:29:21","date_gmt":"2024-10-24T14:29:21","guid":{"rendered":"https:\/\/miatoyac-jal.gob.mx\/?p=2551"},"modified":"2024-10-24T14:29:44","modified_gmt":"2024-10-24T14:29:44","slug":"continua-reparacion-de-camino-atoyac-san-sebastian","status":"publish","type":"post","link":"https:\/\/miatoyac-jal.gob.mx\/?p=2551","title":{"rendered":"Contin\u00faa reparaci\u00f3n de camino Atoyac &#8211; San Sebasti\u00e1n"},"content":{"rendered":"\n<p>La Reparaci\u00f3n del camino que conecta el municipio de Atoyac con San Sebasti\u00e1n sigue en marcha. Los trabajos, iniciados hace hace d\u00edas, buscan mejorar las carreteras y caminos viales, para facilitar el transporte entre ambas localidades.<\/p>\n\n\n\n<p>Se est\u00e1n realizando labores de mantenimiento para garantizar la seguridad y comodidad de los conductores.<\/p>\n\n\n\n<p>La <a><\/a>conclusi\u00f3n de estos trabajos beneficiar\u00e1 a la comunidad, fomentando el desarrollo econ\u00f3mico y social de la regi\u00f3n.<\/p>\n\n\n\n<p>Se espera concluir los trabajos en breve, mejorando significativamente la conectividad entre Atoyac y San Sebasti\u00e1n.<\/p>\n\n\n\n<p>\u00a1Continuamos trabajando para mejorar las condiciones de nuestro municipio!<\/p>\n\n\n\n<p><a href=\"https:\/\/web.facebook.com\/hashtag\/gobiernoquetrabajaparati?__eep__=6&amp;__cft__[0]=AZX-ZpQZ1EkZuakhK_-MgiiRfYLN-9VRlbY2YVq--Yln1QlIFweX8Ojxsj5K6IEnXGwaJbs27Qb7iFXfkFA2ynsr5fxMCFVKAJsXjgVoJZPgFB5RaDeqjI6OPAlZghHZoOYbGGMtpNi706QdmCYLWCsnfy3nUeY3kQWFXw-TCWC974GLhiO77sMcHrfq97LJs49SRf-b_wXmYHr6IMEgoOew&amp;__tn__=*NK-R\">#GobiernoQueTrabajaParaTi<\/a><a href=\"https:\/\/web.facebook.com\/hashtag\/mantenimiento?__eep__=6&amp;__cft__[0]=AZX-ZpQZ1EkZuakhK_-MgiiRfYLN-9VRlbY2YVq--Yln1QlIFweX8Ojxsj5K6IEnXGwaJbs27Qb7iFXfkFA2ynsr5fxMCFVKAJsXjgVoJZPgFB5RaDeqjI6OPAlZghHZoOYbGGMtpNi706QdmCYLWCsnfy3nUeY3kQWFXw-TCWC974GLhiO77sMcHrfq97LJs49SRf-b_wXmYHr6IMEgoOew&amp;__tn__=*NK-R\">#mantenimiento<\/a><a href=\"https:\/\/web.facebook.com\/hashtag\/jalisco?__eep__=6&amp;__cft__[0]=AZX-ZpQZ1EkZuakhK_-MgiiRfYLN-9VRlbY2YVq--Yln1QlIFweX8Ojxsj5K6IEnXGwaJbs27Qb7iFXfkFA2ynsr5fxMCFVKAJsXjgVoJZPgFB5RaDeqjI6OPAlZghHZoOYbGGMtpNi706QdmCYLWCsnfy3nUeY3kQWFXw-TCWC974GLhiO77sMcHrfq97LJs49SRf-b_wXmYHr6IMEgoOew&amp;__tn__=*NK-R\">#Jalisco<\/a><a href=\"https:\/\/web.facebook.com\/hashtag\/atoyac?__eep__=6&amp;__cft__[0]=AZX-ZpQZ1EkZuakhK_-MgiiRfYLN-9VRlbY2YVq--Yln1QlIFweX8Ojxsj5K6IEnXGwaJbs27Qb7iFXfkFA2ynsr5fxMCFVKAJsXjgVoJZPgFB5RaDeqjI6OPAlZghHZoOYbGGMtpNi706QdmCYLWCsnfy3nUeY3kQWFXw-TCWC974GLhiO77sMcHrfq97LJs49SRf-b_wXmYHr6IMEgoOew&amp;__tn__=*NK-R\">#Atoyac<\/a><a href=\"https:\/\/web.facebook.com\/hashtag\/infraestructuravial?__eep__=6&amp;__cft__[0]=AZX-ZpQZ1EkZuakhK_-MgiiRfYLN-9VRlbY2YVq--Yln1QlIFweX8Ojxsj5K6IEnXGwaJbs27Qb7iFXfkFA2ynsr5fxMCFVKAJsXjgVoJZPgFB5RaDeqjI6OPAlZghHZoOYbGGMtpNi706QdmCYLWCsnfy3nUeY3kQWFXw-TCWC974GLhiO77sMcHrfq97LJs49SRf-b_wXmYHr6IMEgoOew&amp;__tn__=*NK-R\">#InfraestructuraVial<\/a><\/p>\n\n\n\n<figure class=\"wp-block-gallery has-nested-images columns-default is-cropped wp-block-gallery-1 is-layout-flex wp-block-gallery-is-layout-flex\">\n<figure class=\"wp-block-image size-large\"><img loading=\"lazy\" decoding=\"async\" width=\"337\" height=\"600\" data-id=\"2552\" src=\"https:\/\/miatoyac-jal.gob.mx\/wp-content\/uploads\/2024\/10\/CA1.jpg\" alt=\"\" class=\"wp-image-2552\" srcset=\"https:\/\/miatoyac-jal.gob.mx\/wp-content\/uploads\/2024\/10\/CA1.jpg 337w, https:\/\/miatoyac-jal.gob.mx\/wp-content\/uploads\/2024\/10\/CA1-169x300.jpg 169w, https:\/\/miatoyac-jal.gob.mx\/wp-content\/uploads\/2024\/10\/CA1-82x146.jpg 82w, https:\/\/miatoyac-jal.gob.mx\/wp-content\/uploads\/2024\/10\/CA1-28x50.jpg 28w, https:\/\/miatoyac-jal.gob.mx\/wp-content\/uploads\/2024\/10\/CA1-42x75.jpg 42w\" sizes=\"auto, (max-width: 337px) 100vw, 337px\" \/><\/figure>\n\n\n\n<figure class=\"wp-block-image size-large\"><img loading=\"lazy\" decoding=\"async\" width=\"576\" height=\"1024\" data-id=\"2553\" src=\"https:\/\/miatoyac-jal.gob.mx\/wp-content\/uploads\/2024\/10\/CA2-576x1024.jpg\" alt=\"\" class=\"wp-image-2553\" srcset=\"https:\/\/miatoyac-jal.gob.mx\/wp-content\/uploads\/2024\/10\/CA2-576x1024.jpg 576w, https:\/\/miatoyac-jal.gob.mx\/wp-content\/uploads\/2024\/10\/CA2-169x300.jpg 169w, https:\/\/miatoyac-jal.gob.mx\/wp-content\/uploads\/2024\/10\/CA2-82x146.jpg 82w, https:\/\/miatoyac-jal.gob.mx\/wp-content\/uploads\/2024\/10\/CA2-28x50.jpg 28w, https:\/\/miatoyac-jal.gob.mx\/wp-content\/uploads\/2024\/10\/CA2-42x75.jpg 42w, https:\/\/miatoyac-jal.gob.mx\/wp-content\/uploads\/2024\/10\/CA2.jpg 720w\" sizes=\"auto, (max-width: 576px) 100vw, 576px\" \/><\/figure>\n\n\n\n<figure class=\"wp-block-image size-large\"><img loading=\"lazy\" decoding=\"async\" width=\"576\" height=\"1024\" data-id=\"2554\" src=\"https:\/\/miatoyac-jal.gob.mx\/wp-content\/uploads\/2024\/10\/CA3-576x1024.jpg\" alt=\"\" class=\"wp-image-2554\" srcset=\"https:\/\/miatoyac-jal.gob.mx\/wp-content\/uploads\/2024\/10\/CA3-576x1024.jpg 576w, https:\/\/miatoyac-jal.gob.mx\/wp-content\/uploads\/2024\/10\/CA3-169x300.jpg 169w, https:\/\/miatoyac-jal.gob.mx\/wp-content\/uploads\/2024\/10\/CA3-768x1366.jpg 768w, https:\/\/miatoyac-jal.gob.mx\/wp-content\/uploads\/2024\/10\/CA3-864x1536.jpg 864w, https:\/\/miatoyac-jal.gob.mx\/wp-content\/uploads\/2024\/10\/CA3-82x146.jpg 82w, https:\/\/miatoyac-jal.gob.mx\/wp-content\/uploads\/2024\/10\/CA3-28x50.jpg 28w, https:\/\/miatoyac-jal.gob.mx\/wp-content\/uploads\/2024\/10\/CA3-42x75.jpg 42w, https:\/\/miatoyac-jal.gob.mx\/wp-content\/uploads\/2024\/10\/CA3.jpg 899w\" sizes=\"auto, (max-width: 576px) 100vw, 576px\" \/><\/figure>\n<\/figure>\n","protected":false},"excerpt":{"rendered":"<p>La Reparaci\u00f3n del camino que conecta el municipio de Atoyac con San Sebasti\u00e1n sigue en marcha. Los trabajos, iniciados hace hace d\u00edas, buscan mejorar las carreteras<span class=\"excerpt-hellip\"> [\u2026]<\/span><\/p>\n","protected":false},"author":1,"featured_media":2553,"comment_status":"open","ping_status":"open","sticky":false,"template":"","format":"standard","meta":{"ub_ctt_via":"","footnotes":""},"categories":[1],"tags":[],"class_list":["post-2551","post","type-post","status-publish","format-standard","has-post-thumbnail","hentry","category-uncategorized"],"featured_image_src":"https:\/\/miatoyac-jal.gob.mx\/wp-content\/uploads\/2024\/10\/CA2.jpg","author_info":{"display_name":"admin","author_link":"https:\/\/miatoyac-jal.gob.mx\/?author=1"},"_links":{"self":[{"href":"https:\/\/miatoyac-jal.gob.mx\/index.php?rest_route=\/wp\/v2\/posts\/2551","targetHints":{"allow":["GET"]}}],"collection":[{"href":"https:\/\/miatoyac-jal.gob.mx\/index.php?rest_route=\/wp\/v2\/posts"}],"about":[{"href":"https:\/\/miatoyac-jal.gob.mx\/index.php?rest_route=\/wp\/v2\/types\/post"}],"author":[{"embeddable":true,"href":"https:\/\/miatoyac-jal.gob.mx\/index.php?rest_route=\/wp\/v2\/users\/1"}],"replies":[{"embeddable":true,"href":"https:\/\/miatoyac-jal.gob.mx\/index.php?rest_route=%2Fwp%2Fv2%2Fcomments&post=2551"}],"version-history":[{"count":1,"href":"https:\/\/miatoyac-jal.gob.mx\/index.php?rest_route=\/wp\/v2\/posts\/2551\/revisions"}],"predecessor-version":[{"id":2555,"href":"https:\/\/miatoyac-jal.gob.mx\/index.php?rest_route=\/wp\/v2\/posts\/2551\/revisions\/2555"}],"wp:featuredmedia":[{"embeddable":true,"href":"https:\/\/miatoyac-jal.gob.mx\/index.php?rest_route=\/wp\/v2\/media\/2553"}],"wp:attachment":[{"href":"https:\/\/miatoyac-jal.gob.mx\/index.php?rest_route=%2Fwp%2Fv2%2Fmedia&parent=2551"}],"wp:term":[{"taxonomy":"category","embeddable":true,"href":"https:\/\/miatoyac-jal.gob.mx\/index.php?rest_route=%2Fwp%2Fv2%2Fcategories&post=2551"},{"taxonomy":"post_tag","embeddable":true,"href":"https:\/\/miatoyac-jal.gob.mx\/index.php?rest_route=%2Fwp%2Fv2%2Ftags&post=2551"}],"curies":[{"name":"wp","href":"https:\/\/api.w.org\/{rel}","templated":true}]}}